{"id":4350,"date":"2026-09-01T13:57:30","date_gmt":"2026-09-01T11:57:30","guid":{"rendered":"https:\/\/ictcluster.pl\/?p=4350"},"modified":"2026-09-01T13:57:31","modified_gmt":"2026-09-01T11:57:31","slug":"po-co-nam-jeszcze-biuro","status":"publish","type":"post","link":"https:\/\/ictcluster.pl\/en\/2026\/09\/01\/po-co-nam-jeszcze-biuro\/","title":{"rendered":"Po co nam jeszcze biuro?"},"content":{"rendered":"<p class=\"wp-block-paragraph\">Praca hybrydowa na dobre zmieni\u0142a nasze podej\u015bcie do biura. Skoro wiele zada\u0144 mo\u017cemy wykona\u0107 z domu, pojawia si\u0119 wa\u017cne pytanie: po co w\u0142a\u015bciwie mamy przychodzi\u0107 do biura?<\/p>\n\n\n\n<p class=\"wp-block-paragraph\">24 wrze\u015bnia zapraszamy na \u015bniadanie biznesowe po\u015bwi\u0119cone nowoczesnym przestrzeniom pracy. Wsp\u00f3lnie z <a href=\"https:\/\/mdd.pl\/\">.mdd<\/a> oraz <a href=\"https:\/\/janderkabza.pl\/\">Jander Kabza Architekci<\/a> spojrzymy na biuro z kilku perspektyw \u2013 pracownika, pracodawcy, architekta i projektanta przestrzeni.<\/p>\n\n\n\n<p class=\"wp-block-paragraph\">Porozmawiamy m.in. o tym, jak przestrze\u0144 mo\u017ce wp\u0142ywa\u0107 na produktywno\u015b\u0107, koncentracj\u0119, wsp\u00f3\u0142prac\u0119 i relacje w zespole, a tak\u017ce co sprawia, \u017ce pracownicy rzeczywi\u015bcie chc\u0105 korzysta\u0107 z biura.<\/p>\n\n\n\n<p class=\"wp-block-paragraph\">Jak pogodzi\u0107 miejsca do pracy indywidualnej z przestrzeni\u0105 do spotka\u0144? Czy open space nadal ma sens? Jak projektowa\u0107 biura dla r\u00f3\u017cnych styl\u00f3w pracy? I wreszcie \u2013 co biuro mo\u017ce zaoferowa\u0107 pracownikowi, czego nie daje home office?<\/p>\n\n\n\n<p class=\"wp-block-paragraph\">Bez wielogodzinnych prezentacji \u2013 za to przy kawie, \u015bniadaniu i rozmowie z praktykami.<\/p>\n\n\n\n<p class=\"wp-block-paragraph\">Rejestracja na spotkanie <a href=\"https:\/\/forms.cloud.microsoft\/e\/TQm4fWjNtg\">poprzez formularz online<\/a>.<\/p>","protected":false},"excerpt":{"rendered":"<p>Praca hybrydowa na dobre zmieni\u0142a nasze podej\u015bcie do biura. Skoro wiele zada\u0144 mo\u017cemy wykona\u0107 z domu, pojawia si\u0119 wa\u017cne pytanie: po co&#8230;<\/p>","protected":false},"author":2,"featured_media":4349,"comment_status":"closed","ping_status":"closed","sticky":false,"template":"","format":"standard","meta":{"ub_ctt_via":"","footnotes":""},"categories":[1],"tags":[],"class_list":["post-4350","post","type-post","status-publish","format-standard","has-post-thumbnail","hentry","category-bez-kategorii"],"featured_image_src":"https:\/\/ictcluster.pl\/wp-content\/uploads\/2026\/08\/Po-co-nam-jeszcze-biuro-O-przestrzeni-ktora-daje-powod-zeby-wyjsc-z-home-office.png","author_info":{"display_name":"bartek","author_link":"https:\/\/ictcluster.pl\/en\/author\/bartek\/"},"yoast_head":"<!-- This site is optimized with the Yoast SEO plugin v28.4 - https:\/\/yoast.com\/product\/yoast-seo-wordpress\/ -->\n<title>Po co nam jeszcze biuro? - \u0141\u00f3dzki Klaster ICT<\/title>\n<meta name=\"robots\" content=\"index, follow, max-snippet:-1, max-image-preview:large, max-video-preview:-1\" \/>\n<link rel=\"canonical\" href=\"https:\/\/ictcluster.pl\/en\/2026\/09\/01\/po-co-nam-jeszcze-biuro\/\" \/>\n<meta property=\"og:locale\" content=\"en_GB\" \/>\n<meta property=\"og:type\" content=\"article\" \/>\n<meta property=\"og:title\" content=\"Po co nam jeszcze biuro? - \u0141\u00f3dzki Klaster ICT\" \/>\n<meta property=\"og:description\" content=\"Praca hybrydowa na dobre zmieni\u0142a nasze podej\u015bcie do biura. Skoro wiele zada\u0144 mo\u017cemy wykona\u0107 z domu, pojawia si\u0119 wa\u017cne pytanie: po co...\" \/>\n<meta property=\"og:url\" content=\"https:\/\/ictcluster.pl\/en\/2026\/09\/01\/po-co-nam-jeszcze-biuro\/\" \/>\n<meta property=\"og:site_name\" content=\"\u0141\u00f3dzki Klaster ICT\" \/>\n<meta property=\"article:publisher\" content=\"https:\/\/www.facebook.com\/KlasterICTLodz\" \/>\n<meta property=\"article:published_time\" content=\"2026-09-01T11:57:30+00:00\" \/>\n<meta property=\"article:modified_time\" content=\"2026-09-01T11:57:31+00:00\" \/>\n<meta property=\"og:image\" content=\"https:\/\/ictcluster.pl\/wp-content\/uploads\/2026\/08\/Po-co-nam-jeszcze-biuro-O-przestrzeni-ktora-daje-powod-zeby-wyjsc-z-home-office.png\" \/>\n\t<meta property=\"og:image:width\" content=\"940\" \/>\n\t<meta property=\"og:image:height\" content=\"788\" \/>\n\t<meta property=\"og:image:type\" content=\"image\/png\" \/>\n<meta name=\"author\" content=\"bartek\" \/>\n<meta name=\"twitter:card\" content=\"summary_large_image\" \/>\n<meta name=\"twitter:label1\" content=\"Written by\" \/>\n\t<meta name=\"twitter:data1\" content=\"bartek\" \/>\n\t<meta name=\"twitter:label2\" content=\"Estimated reading time\" \/>\n\t<meta name=\"twitter:data2\" content=\"2 minutes\" \/>\n<script type=\"application\/ld+json\" class=\"yoast-schema-graph\">{\"@context\":\"https:\\\/\\\/schema.org\",\"@graph\":[{\"@type\":\"Article\",\"@id\":\"https:\\\/\\\/ictcluster.pl\\\/2026\\\/09\\\/01\\\/po-co-nam-jeszcze-biuro\\\/#article\",\"isPartOf\":{\"@id\":\"https:\\\/\\\/ictcluster.pl\\\/2026\\\/09\\\/01\\\/po-co-nam-jeszcze-biuro\\\/\"},\"author\":{\"name\":\"bartek\",\"@id\":\"https:\\\/\\\/ictcluster.pl\\\/#\\\/schema\\\/person\\\/7844a0f7103730784fd61263cd808ce3\"},\"headline\":\"Po co nam jeszcze biuro?\",\"datePublished\":\"2026-09-01T11:57:30+00:00\",\"dateModified\":\"2026-09-01T11:57:31+00:00\",\"mainEntityOfPage\":{\"@id\":\"https:\\\/\\\/ictcluster.pl\\\/2026\\\/09\\\/01\\\/po-co-nam-jeszcze-biuro\\\/\"},\"wordCount\":159,\"publisher\":{\"@id\":\"https:\\\/\\\/ictcluster.pl\\\/#organization\"},\"image\":{\"@id\":\"https:\\\/\\\/ictcluster.pl\\\/2026\\\/09\\\/01\\\/po-co-nam-jeszcze-biuro\\\/#primaryimage\"},\"thumbnailUrl\":\"https:\\\/\\\/ictcluster.pl\\\/wp-content\\\/uploads\\\/2026\\\/08\\\/Po-co-nam-jeszcze-biuro-O-przestrzeni-ktora-daje-powod-zeby-wyjsc-z-home-office.png\",\"articleSection\":[\"Bez kategorii\"],\"inLanguage\":\"en-GB\"},{\"@type\":\"WebPage\",\"@id\":\"https:\\\/\\\/ictcluster.pl\\\/2026\\\/09\\\/01\\\/po-co-nam-jeszcze-biuro\\\/\",\"url\":\"https:\\\/\\\/ictcluster.pl\\\/2026\\\/09\\\/01\\\/po-co-nam-jeszcze-biuro\\\/\",\"name\":\"Po co nam jeszcze biuro? - \u0141\u00f3dzki Klaster ICT\",\"isPartOf\":{\"@id\":\"https:\\\/\\\/ictcluster.pl\\\/#website\"},\"primaryImageOfPage\":{\"@id\":\"https:\\\/\\\/ictcluster.pl\\\/2026\\\/09\\\/01\\\/po-co-nam-jeszcze-biuro\\\/#primaryimage\"},\"image\":{\"@id\":\"https:\\\/\\\/ictcluster.pl\\\/2026\\\/09\\\/01\\\/po-co-nam-jeszcze-biuro\\\/#primaryimage\"},\"thumbnailUrl\":\"https:\\\/\\\/ictcluster.pl\\\/wp-content\\\/uploads\\\/2026\\\/08\\\/Po-co-nam-jeszcze-biuro-O-przestrzeni-ktora-daje-powod-zeby-wyjsc-z-home-office.png\",\"datePublished\":\"2026-09-01T11:57:30+00:00\",\"dateModified\":\"2026-09-01T11:57:31+00:00\",\"breadcrumb\":{\"@id\":\"https:\\\/\\\/ictcluster.pl\\\/2026\\\/09\\\/01\\\/po-co-nam-jeszcze-biuro\\\/#breadcrumb\"},\"inLanguage\":\"en-GB\",\"potentialAction\":[{\"@type\":\"ReadAction\",\"target\":[\"https:\\\/\\\/ictcluster.pl\\\/2026\\\/09\\\/01\\\/po-co-nam-jeszcze-biuro\\\/\"]}]},{\"@type\":\"ImageObject\",\"inLanguage\":\"en-GB\",\"@id\":\"https:\\\/\\\/ictcluster.pl\\\/2026\\\/09\\\/01\\\/po-co-nam-jeszcze-biuro\\\/#primaryimage\",\"url\":\"https:\\\/\\\/ictcluster.pl\\\/wp-content\\\/uploads\\\/2026\\\/08\\\/Po-co-nam-jeszcze-biuro-O-przestrzeni-ktora-daje-powod-zeby-wyjsc-z-home-office.png\",\"contentUrl\":\"https:\\\/\\\/ictcluster.pl\\\/wp-content\\\/uploads\\\/2026\\\/08\\\/Po-co-nam-jeszcze-biuro-O-przestrzeni-ktora-daje-powod-zeby-wyjsc-z-home-office.png\",\"width\":940,\"height\":788},{\"@type\":\"BreadcrumbList\",\"@id\":\"https:\\\/\\\/ictcluster.pl\\\/2026\\\/09\\\/01\\\/po-co-nam-jeszcze-biuro\\\/#breadcrumb\",\"itemListElement\":[{\"@type\":\"ListItem\",\"position\":1,\"name\":\"Strona g\u0142\u00f3wna\",\"item\":\"https:\\\/\\\/ictcluster.pl\\\/\"},{\"@type\":\"ListItem\",\"position\":2,\"name\":\"Po co nam jeszcze biuro?\"}]},{\"@type\":\"WebSite\",\"@id\":\"https:\\\/\\\/ictcluster.pl\\\/#website\",\"url\":\"https:\\\/\\\/ictcluster.pl\\\/\",\"name\":\"\u0141\u00f3dzki Klaster ICT\",\"description\":\"\",\"publisher\":{\"@id\":\"https:\\\/\\\/ictcluster.pl\\\/#organization\"},\"potentialAction\":[{\"@type\":\"SearchAction\",\"target\":{\"@type\":\"EntryPoint\",\"urlTemplate\":\"https:\\\/\\\/ictcluster.pl\\\/?s={search_term_string}\"},\"query-input\":{\"@type\":\"PropertyValueSpecification\",\"valueRequired\":true,\"valueName\":\"search_term_string\"}}],\"inLanguage\":\"en-GB\"},{\"@type\":\"Organization\",\"@id\":\"https:\\\/\\\/ictcluster.pl\\\/#organization\",\"name\":\"\u0141\u00f3dzki Klaster ICT\",\"url\":\"https:\\\/\\\/ictcluster.pl\\\/\",\"logo\":{\"@type\":\"ImageObject\",\"inLanguage\":\"en-GB\",\"@id\":\"https:\\\/\\\/ictcluster.pl\\\/#\\\/schema\\\/logo\\\/image\\\/\",\"url\":\"https:\\\/\\\/ictcluster.pl\\\/wp-content\\\/uploads\\\/2023\\\/01\\\/lodzki-klaster-ict.png\",\"contentUrl\":\"https:\\\/\\\/ictcluster.pl\\\/wp-content\\\/uploads\\\/2023\\\/01\\\/lodzki-klaster-ict.png\",\"width\":2694,\"height\":982,\"caption\":\"\u0141\u00f3dzki Klaster ICT\"},\"image\":{\"@id\":\"https:\\\/\\\/ictcluster.pl\\\/#\\\/schema\\\/logo\\\/image\\\/\"},\"sameAs\":[\"https:\\\/\\\/www.facebook.com\\\/KlasterICTLodz\"]},{\"@type\":\"Person\",\"@id\":\"https:\\\/\\\/ictcluster.pl\\\/#\\\/schema\\\/person\\\/7844a0f7103730784fd61263cd808ce3\",\"name\":\"bartek\",\"image\":{\"@type\":\"ImageObject\",\"inLanguage\":\"en-GB\",\"@id\":\"https:\\\/\\\/secure.gravatar.com\\\/avatar\\\/72fc3ff7fab7c9374b0721b9bf9acd6ac5846a2124b67687793d115b50f603ef?s=96&d=mm&r=g\",\"url\":\"https:\\\/\\\/secure.gravatar.com\\\/avatar\\\/72fc3ff7fab7c9374b0721b9bf9acd6ac5846a2124b67687793d115b50f603ef?s=96&d=mm&r=g\",\"contentUrl\":\"https:\\\/\\\/secure.gravatar.com\\\/avatar\\\/72fc3ff7fab7c9374b0721b9bf9acd6ac5846a2124b67687793d115b50f603ef?s=96&d=mm&r=g\",\"caption\":\"bartek\"},\"url\":\"https:\\\/\\\/ictcluster.pl\\\/en\\\/author\\\/bartek\\\/\"}]}<\/script>\n<!-- \/ Yoast SEO plugin. -->","yoast_head_json":{"title":"Po co nam jeszcze biuro? - \u0141\u00f3dzki Klaster ICT","robots":{"index":"index","follow":"follow","max-snippet":"max-snippet:-1","max-image-preview":"max-image-preview:large","max-video-preview":"max-video-preview:-1"},"canonical":"https:\/\/ictcluster.pl\/en\/2026\/09\/01\/po-co-nam-jeszcze-biuro\/","og_locale":"en_GB","og_type":"article","og_title":"Po co nam jeszcze biuro? - \u0141\u00f3dzki Klaster ICT","og_description":"Praca hybrydowa na dobre zmieni\u0142a nasze podej\u015bcie do biura. Skoro wiele zada\u0144 mo\u017cemy wykona\u0107 z domu, pojawia si\u0119 wa\u017cne pytanie: po co...","og_url":"https:\/\/ictcluster.pl\/en\/2026\/09\/01\/po-co-nam-jeszcze-biuro\/","og_site_name":"\u0141\u00f3dzki Klaster ICT","article_publisher":"https:\/\/www.facebook.com\/KlasterICTLodz","article_published_time":"2026-09-01T11:57:30+00:00","article_modified_time":"2026-09-01T11:57:31+00:00","og_image":[{"width":940,"height":788,"url":"https:\/\/ictcluster.pl\/wp-content\/uploads\/2026\/08\/Po-co-nam-jeszcze-biuro-O-przestrzeni-ktora-daje-powod-zeby-wyjsc-z-home-office.png","type":"image\/png"}],"author":"bartek","twitter_card":"summary_large_image","twitter_misc":{"Written by":"bartek","Estimated reading time":"2 minutes"},"schema":{"@context":"https:\/\/schema.org","@graph":[{"@type":"Article","@id":"https:\/\/ictcluster.pl\/2026\/09\/01\/po-co-nam-jeszcze-biuro\/#article","isPartOf":{"@id":"https:\/\/ictcluster.pl\/2026\/09\/01\/po-co-nam-jeszcze-biuro\/"},"author":{"name":"bartek","@id":"https:\/\/ictcluster.pl\/#\/schema\/person\/7844a0f7103730784fd61263cd808ce3"},"headline":"Po co nam jeszcze biuro?","datePublished":"2026-09-01T11:57:30+00:00","dateModified":"2026-09-01T11:57:31+00:00","mainEntityOfPage":{"@id":"https:\/\/ictcluster.pl\/2026\/09\/01\/po-co-nam-jeszcze-biuro\/"},"wordCount":159,"publisher":{"@id":"https:\/\/ictcluster.pl\/#organization"},"image":{"@id":"https:\/\/ictcluster.pl\/2026\/09\/01\/po-co-nam-jeszcze-biuro\/#primaryimage"},"thumbnailUrl":"https:\/\/ictcluster.pl\/wp-content\/uploads\/2026\/08\/Po-co-nam-jeszcze-biuro-O-przestrzeni-ktora-daje-powod-zeby-wyjsc-z-home-office.png","articleSection":["Bez kategorii"],"inLanguage":"en-GB"},{"@type":"WebPage","@id":"https:\/\/ictcluster.pl\/2026\/09\/01\/po-co-nam-jeszcze-biuro\/","url":"https:\/\/ictcluster.pl\/2026\/09\/01\/po-co-nam-jeszcze-biuro\/","name":"Po co nam jeszcze biuro? - \u0141\u00f3dzki Klaster ICT","isPartOf":{"@id":"https:\/\/ictcluster.pl\/#website"},"primaryImageOfPage":{"@id":"https:\/\/ictcluster.pl\/2026\/09\/01\/po-co-nam-jeszcze-biuro\/#primaryimage"},"image":{"@id":"https:\/\/ictcluster.pl\/2026\/09\/01\/po-co-nam-jeszcze-biuro\/#primaryimage"},"thumbnailUrl":"https:\/\/ictcluster.pl\/wp-content\/uploads\/2026\/08\/Po-co-nam-jeszcze-biuro-O-przestrzeni-ktora-daje-powod-zeby-wyjsc-z-home-office.png","datePublished":"2026-09-01T11:57:30+00:00","dateModified":"2026-09-01T11:57:31+00:00","breadcrumb":{"@id":"https:\/\/ictcluster.pl\/2026\/09\/01\/po-co-nam-jeszcze-biuro\/#breadcrumb"},"inLanguage":"en-GB","potentialAction":[{"@type":"ReadAction","target":["https:\/\/ictcluster.pl\/2026\/09\/01\/po-co-nam-jeszcze-biuro\/"]}]},{"@type":"ImageObject","inLanguage":"en-GB","@id":"https:\/\/ictcluster.pl\/2026\/09\/01\/po-co-nam-jeszcze-biuro\/#primaryimage","url":"https:\/\/ictcluster.pl\/wp-content\/uploads\/2026\/08\/Po-co-nam-jeszcze-biuro-O-przestrzeni-ktora-daje-powod-zeby-wyjsc-z-home-office.png","contentUrl":"https:\/\/ictcluster.pl\/wp-content\/uploads\/2026\/08\/Po-co-nam-jeszcze-biuro-O-przestrzeni-ktora-daje-powod-zeby-wyjsc-z-home-office.png","width":940,"height":788},{"@type":"BreadcrumbList","@id":"https:\/\/ictcluster.pl\/2026\/09\/01\/po-co-nam-jeszcze-biuro\/#breadcrumb","itemListElement":[{"@type":"ListItem","position":1,"name":"Strona g\u0142\u00f3wna","item":"https:\/\/ictcluster.pl\/"},{"@type":"ListItem","position":2,"name":"Po co nam jeszcze biuro?"}]},{"@type":"WebSite","@id":"https:\/\/ictcluster.pl\/#website","url":"https:\/\/ictcluster.pl\/","name":"Lodz ICT Cluster","description":"","publisher":{"@id":"https:\/\/ictcluster.pl\/#organization"},"potentialAction":[{"@type":"SearchAction","target":{"@type":"EntryPoint","urlTemplate":"https:\/\/ictcluster.pl\/?s={search_term_string}"},"query-input":{"@type":"PropertyValueSpecification","valueRequired":true,"valueName":"search_term_string"}}],"inLanguage":"en-GB"},{"@type":"Organization","@id":"https:\/\/ictcluster.pl\/#organization","name":"Lodz ICT Cluster","url":"https:\/\/ictcluster.pl\/","logo":{"@type":"ImageObject","inLanguage":"en-GB","@id":"https:\/\/ictcluster.pl\/#\/schema\/logo\/image\/","url":"https:\/\/ictcluster.pl\/wp-content\/uploads\/2023\/01\/lodzki-klaster-ict.png","contentUrl":"https:\/\/ictcluster.pl\/wp-content\/uploads\/2023\/01\/lodzki-klaster-ict.png","width":2694,"height":982,"caption":"\u0141\u00f3dzki Klaster ICT"},"image":{"@id":"https:\/\/ictcluster.pl\/#\/schema\/logo\/image\/"},"sameAs":["https:\/\/www.facebook.com\/KlasterICTLodz"]},{"@type":"Person","@id":"https:\/\/ictcluster.pl\/#\/schema\/person\/7844a0f7103730784fd61263cd808ce3","name":"bartek","image":{"@type":"ImageObject","inLanguage":"en-GB","@id":"https:\/\/secure.gravatar.com\/avatar\/72fc3ff7fab7c9374b0721b9bf9acd6ac5846a2124b67687793d115b50f603ef?s=96&d=mm&r=g","url":"https:\/\/secure.gravatar.com\/avatar\/72fc3ff7fab7c9374b0721b9bf9acd6ac5846a2124b67687793d115b50f603ef?s=96&d=mm&r=g","contentUrl":"https:\/\/secure.gravatar.com\/avatar\/72fc3ff7fab7c9374b0721b9bf9acd6ac5846a2124b67687793d115b50f603ef?s=96&d=mm&r=g","caption":"bartek"},"url":"https:\/\/ictcluster.pl\/en\/author\/bartek\/"}]}},"_links":{"self":[{"href":"https:\/\/ictcluster.pl\/en\/wp-json\/wp\/v2\/posts\/4350","targetHints":{"allow":["GET"]}}],"collection":[{"href":"https:\/\/ictcluster.pl\/en\/wp-json\/wp\/v2\/posts"}],"about":[{"href":"https:\/\/ictcluster.pl\/en\/wp-json\/wp\/v2\/types\/post"}],"author":[{"embeddable":true,"href":"https:\/\/ictcluster.pl\/en\/wp-json\/wp\/v2\/users\/2"}],"replies":[{"embeddable":true,"href":"https:\/\/ictcluster.pl\/en\/wp-json\/wp\/v2\/comments?post=4350"}],"version-history":[{"count":1,"href":"https:\/\/ictcluster.pl\/en\/wp-json\/wp\/v2\/posts\/4350\/revisions"}],"predecessor-version":[{"id":4351,"href":"https:\/\/ictcluster.pl\/en\/wp-json\/wp\/v2\/posts\/4350\/revisions\/4351"}],"wp:featuredmedia":[{"embeddable":true,"href":"https:\/\/ictcluster.pl\/en\/wp-json\/wp\/v2\/media\/4349"}],"wp:attachment":[{"href":"https:\/\/ictcluster.pl\/en\/wp-json\/wp\/v2\/media?parent=4350"}],"wp:term":[{"taxonomy":"category","embeddable":true,"href":"https:\/\/ictcluster.pl\/en\/wp-json\/wp\/v2\/categories?post=4350"},{"taxonomy":"post_tag","embeddable":true,"href":"https:\/\/ictcluster.pl\/en\/wp-json\/wp\/v2\/tags?post=4350"}],"curies":[{"name":"wp","href":"https:\/\/api.w.org\/{rel}","templated":true}]}}