{"id":2115,"date":"2023-06-13T14:52:45","date_gmt":"2023-06-13T12:52:45","guid":{"rendered":"https:\/\/ictcluster.pl\/?p=2115"},"modified":"2023-06-13T14:56:48","modified_gmt":"2023-06-13T12:56:48","slug":"europejskie-forum-gospodarcze-2023","status":"publish","type":"post","link":"https:\/\/ictcluster.pl\/en\/2023\/06\/13\/europejskie-forum-gospodarcze-2023\/","title":{"rendered":"European Economic Forum 2023"},"content":{"rendered":"<p>The panel \"Chat GPT - the future of work in the era of artificial intelligence\" as part of the European Economic Forum 2023 is behind us, of which we had the pleasure of being a substantive partner as the Lodz ICT Cluster.<\/p>\n\n\n\n<p>During the panel, we discussed the latest trends and specific tools related to the use of artificial intelligence at work in various fields, such as marketing, finance, medicine, IT or transport.<\/p>\n\n\n\n<p>We also talked about issues related to the ethics of using AI, as well as data security and the impact on the labor market both in the short and long term.<\/p>\n\n\n\n<p>We would like to thank our panellists (Michal Sadowski, Brand24.pl, Prof. Danuta Rutkowska, Social Academy of Sciences,\u00a0Bogumi\u0142 Zi\u0119ba, Inovatica\u00a0and\u00a0Jakub Musia\u0142ek, Pixel Technology) for participating in this interesting and inspiring discussion, and\u00a0Grzegorz Trzci\u0144ski, Atos Poland Global Services, Chairman of the Cluster Steering Committee, for moderating and leading the panel.<\/p>\n\n\n\n<figure class=\"wp-block-gallery has-nested-images columns-default is-cropped wp-block-gallery-1 is-layout-flex wp-block-gallery-is-layout-flex\">\n<figure class=\"wp-block-image size-large\"><a href=\"https:\/\/ictcluster.pl\/wp-content\/uploads\/2023\/06\/20230613_104220-scaled.jpg\" target=\"_blank\" rel=\"noopener\"><img fetchpriority=\"high\" decoding=\"async\" width=\"1024\" height=\"599\" data-id=\"2118\" src=\"https:\/\/ictcluster.pl\/wp-content\/uploads\/2023\/06\/20230613_104220-1024x599.jpg\" alt=\"\" class=\"wp-image-2118\" srcset=\"https:\/\/ictcluster.pl\/wp-content\/uploads\/2023\/06\/20230613_104220-1024x599.jpg 1024w, https:\/\/ictcluster.pl\/wp-content\/uploads\/2023\/06\/20230613_104220-300x175.jpg 300w, https:\/\/ictcluster.pl\/wp-content\/uploads\/2023\/06\/20230613_104220-768x449.jpg 768w, https:\/\/ictcluster.pl\/wp-content\/uploads\/2023\/06\/20230613_104220-1536x898.jpg 1536w, https:\/\/ictcluster.pl\/wp-content\/uploads\/2023\/06\/20230613_104220-2048x1198.jpg 2048w, https:\/\/ictcluster.pl\/wp-content\/uploads\/2023\/06\/20230613_104220-1000x585.jpg 1000w, https:\/\/ictcluster.pl\/wp-content\/uploads\/2023\/06\/20230613_104220-230x135.jpg 230w, https:\/\/ictcluster.pl\/wp-content\/uploads\/2023\/06\/20230613_104220-350x205.jpg 350w, https:\/\/ictcluster.pl\/wp-content\/uploads\/2023\/06\/20230613_104220-480x281.jpg 480w\" sizes=\"(max-width: 1024px) 100vw, 1024px\" \/><\/a><\/figure>\n\n\n\n<figure class=\"wp-block-image size-large\"><a href=\"https:\/\/ictcluster.pl\/wp-content\/uploads\/2023\/06\/20230613_103831-scaled.jpg\" target=\"_blank\" rel=\"noopener\"><img decoding=\"async\" width=\"1024\" height=\"577\" data-id=\"2119\" src=\"https:\/\/ictcluster.pl\/wp-content\/uploads\/2023\/06\/20230613_103831-1024x577.jpg\" alt=\"\" class=\"wp-image-2119\" srcset=\"https:\/\/ictcluster.pl\/wp-content\/uploads\/2023\/06\/20230613_103831-1024x577.jpg 1024w, https:\/\/ictcluster.pl\/wp-content\/uploads\/2023\/06\/20230613_103831-300x169.jpg 300w, https:\/\/ictcluster.pl\/wp-content\/uploads\/2023\/06\/20230613_103831-768x432.jpg 768w, https:\/\/ictcluster.pl\/wp-content\/uploads\/2023\/06\/20230613_103831-1536x865.jpg 1536w, https:\/\/ictcluster.pl\/wp-content\/uploads\/2023\/06\/20230613_103831-2048x1153.jpg 2048w, https:\/\/ictcluster.pl\/wp-content\/uploads\/2023\/06\/20230613_103831-1000x563.jpg 1000w, https:\/\/ictcluster.pl\/wp-content\/uploads\/2023\/06\/20230613_103831-230x129.jpg 230w, https:\/\/ictcluster.pl\/wp-content\/uploads\/2023\/06\/20230613_103831-350x197.jpg 350w, https:\/\/ictcluster.pl\/wp-content\/uploads\/2023\/06\/20230613_103831-480x270.jpg 480w\" sizes=\"(max-width: 1024px) 100vw, 1024px\" \/><\/a><\/figure>\n\n\n\n<figure class=\"wp-block-image size-large\"><a href=\"https:\/\/ictcluster.pl\/wp-content\/uploads\/2023\/06\/20230613_112736-scaled.jpg\" target=\"_blank\" rel=\"noopener\"><img decoding=\"async\" width=\"1024\" height=\"684\" data-id=\"2117\" src=\"https:\/\/ictcluster.pl\/wp-content\/uploads\/2023\/06\/20230613_112736-1024x684.jpg\" alt=\"\" class=\"wp-image-2117\" srcset=\"https:\/\/ictcluster.pl\/wp-content\/uploads\/2023\/06\/20230613_112736-1024x684.jpg 1024w, https:\/\/ictcluster.pl\/wp-content\/uploads\/2023\/06\/20230613_112736-300x200.jpg 300w, https:\/\/ictcluster.pl\/wp-content\/uploads\/2023\/06\/20230613_112736-768x513.jpg 768w, https:\/\/ictcluster.pl\/wp-content\/uploads\/2023\/06\/20230613_112736-1536x1026.jpg 1536w, https:\/\/ictcluster.pl\/wp-content\/uploads\/2023\/06\/20230613_112736-2048x1368.jpg 2048w, https:\/\/ictcluster.pl\/wp-content\/uploads\/2023\/06\/20230613_112736-1000x668.jpg 1000w, https:\/\/ictcluster.pl\/wp-content\/uploads\/2023\/06\/20230613_112736-230x154.jpg 230w, https:\/\/ictcluster.pl\/wp-content\/uploads\/2023\/06\/20230613_112736-350x234.jpg 350w, https:\/\/ictcluster.pl\/wp-content\/uploads\/2023\/06\/20230613_112736-480x321.jpg 480w\" sizes=\"(max-width: 1024px) 100vw, 1024px\" \/><\/a><\/figure>\n<\/figure>","protected":false},"excerpt":{"rendered":"<p>Za nami panel \u201eChat GPT \u2013 przysz\u0142o\u015b\u0107 pracy w dobie sztucznej inteligencji\u201d w ramach Europejskiego Forum Gospodarczego 2023, kt\u00f3rego jako \u0141\u00f3dzki Klaster&#8230;<\/p>","protected":false},"author":2,"featured_media":2116,"comment_status":"closed","ping_status":"","sticky":false,"template":"","format":"standard","meta":{"ub_ctt_via":"","footnotes":""},"categories":[1],"tags":[],"class_list":["post-2115","post","type-post","status-publish","format-standard","has-post-thumbnail","hentry","category-bez-kategorii"],"featured_image_src":"https:\/\/ictcluster.pl\/wp-content\/uploads\/2023\/06\/efg2023.jpg","author_info":{"display_name":"bartek","author_link":"https:\/\/ictcluster.pl\/en\/author\/bartek\/"},"yoast_head":"<!-- This site is optimized with the Yoast SEO plugin v27.4 - https:\/\/yoast.com\/product\/yoast-seo-wordpress\/ -->\n<title>Europejskie Forum Gospodarcze 2023 - \u0141\u00f3dzki Klaster ICT<\/title>\n<meta name=\"robots\" content=\"index, follow, max-snippet:-1, max-image-preview:large, max-video-preview:-1\" \/>\n<link rel=\"canonical\" href=\"https:\/\/ictcluster.pl\/en\/2023\/06\/13\/europejskie-forum-gospodarcze-2023\/\" \/>\n<meta property=\"og:locale\" content=\"en_GB\" \/>\n<meta property=\"og:type\" content=\"article\" \/>\n<meta property=\"og:title\" content=\"Europejskie Forum Gospodarcze 2023 - \u0141\u00f3dzki Klaster ICT\" \/>\n<meta property=\"og:description\" content=\"Za nami panel \u201eChat GPT \u2013 przysz\u0142o\u015b\u0107 pracy w dobie sztucznej inteligencji\u201d w ramach Europejskiego Forum Gospodarczego 2023, kt\u00f3rego jako \u0141\u00f3dzki Klaster...\" \/>\n<meta property=\"og:url\" content=\"https:\/\/ictcluster.pl\/en\/2023\/06\/13\/europejskie-forum-gospodarcze-2023\/\" \/>\n<meta property=\"og:site_name\" content=\"\u0141\u00f3dzki Klaster ICT\" \/>\n<meta property=\"article:publisher\" content=\"https:\/\/www.facebook.com\/KlasterICTLodz\" \/>\n<meta property=\"article:published_time\" content=\"2023-06-13T12:52:45+00:00\" \/>\n<meta property=\"article:modified_time\" content=\"2023-06-13T12:56:48+00:00\" \/>\n<meta property=\"og:image\" content=\"https:\/\/ictcluster.pl\/wp-content\/uploads\/2023\/06\/efg2023.jpg\" \/>\n\t<meta property=\"og:image:width\" content=\"1600\" \/>\n\t<meta property=\"og:image:height\" content=\"960\" \/>\n\t<meta property=\"og:image:type\" content=\"image\/jpeg\" \/>\n<meta name=\"author\" content=\"bartek\" \/>\n<meta name=\"twitter:card\" content=\"summary_large_image\" \/>\n<meta name=\"twitter:label1\" content=\"Written by\" \/>\n\t<meta name=\"twitter:data1\" content=\"bartek\" \/>\n\t<meta name=\"twitter:label2\" content=\"Estimated reading time\" \/>\n\t<meta name=\"twitter:data2\" content=\"1 minute\" \/>\n<script type=\"application\/ld+json\" class=\"yoast-schema-graph\">{\"@context\":\"https:\\\/\\\/schema.org\",\"@graph\":[{\"@type\":\"Article\",\"@id\":\"https:\\\/\\\/ictcluster.pl\\\/2023\\\/06\\\/13\\\/europejskie-forum-gospodarcze-2023\\\/#article\",\"isPartOf\":{\"@id\":\"https:\\\/\\\/ictcluster.pl\\\/2023\\\/06\\\/13\\\/europejskie-forum-gospodarcze-2023\\\/\"},\"author\":{\"name\":\"bartek\",\"@id\":\"https:\\\/\\\/ictcluster.pl\\\/#\\\/schema\\\/person\\\/7844a0f7103730784fd61263cd808ce3\"},\"headline\":\"Europejskie Forum Gospodarcze 2023\",\"datePublished\":\"2023-06-13T12:52:45+00:00\",\"dateModified\":\"2023-06-13T12:56:48+00:00\",\"mainEntityOfPage\":{\"@id\":\"https:\\\/\\\/ictcluster.pl\\\/2023\\\/06\\\/13\\\/europejskie-forum-gospodarcze-2023\\\/\"},\"wordCount\":148,\"publisher\":{\"@id\":\"https:\\\/\\\/ictcluster.pl\\\/#organization\"},\"image\":{\"@id\":\"https:\\\/\\\/ictcluster.pl\\\/2023\\\/06\\\/13\\\/europejskie-forum-gospodarcze-2023\\\/#primaryimage\"},\"thumbnailUrl\":\"https:\\\/\\\/ictcluster.pl\\\/wp-content\\\/uploads\\\/2023\\\/06\\\/efg2023.jpg\",\"articleSection\":[\"Bez kategorii\"],\"inLanguage\":\"en-GB\"},{\"@type\":\"WebPage\",\"@id\":\"https:\\\/\\\/ictcluster.pl\\\/2023\\\/06\\\/13\\\/europejskie-forum-gospodarcze-2023\\\/\",\"url\":\"https:\\\/\\\/ictcluster.pl\\\/2023\\\/06\\\/13\\\/europejskie-forum-gospodarcze-2023\\\/\",\"name\":\"Europejskie Forum Gospodarcze 2023 - \u0141\u00f3dzki Klaster ICT\",\"isPartOf\":{\"@id\":\"https:\\\/\\\/ictcluster.pl\\\/#website\"},\"primaryImageOfPage\":{\"@id\":\"https:\\\/\\\/ictcluster.pl\\\/2023\\\/06\\\/13\\\/europejskie-forum-gospodarcze-2023\\\/#primaryimage\"},\"image\":{\"@id\":\"https:\\\/\\\/ictcluster.pl\\\/2023\\\/06\\\/13\\\/europejskie-forum-gospodarcze-2023\\\/#primaryimage\"},\"thumbnailUrl\":\"https:\\\/\\\/ictcluster.pl\\\/wp-content\\\/uploads\\\/2023\\\/06\\\/efg2023.jpg\",\"datePublished\":\"2023-06-13T12:52:45+00:00\",\"dateModified\":\"2023-06-13T12:56:48+00:00\",\"breadcrumb\":{\"@id\":\"https:\\\/\\\/ictcluster.pl\\\/2023\\\/06\\\/13\\\/europejskie-forum-gospodarcze-2023\\\/#breadcrumb\"},\"inLanguage\":\"en-GB\",\"potentialAction\":[{\"@type\":\"ReadAction\",\"target\":[\"https:\\\/\\\/ictcluster.pl\\\/2023\\\/06\\\/13\\\/europejskie-forum-gospodarcze-2023\\\/\"]}]},{\"@type\":\"ImageObject\",\"inLanguage\":\"en-GB\",\"@id\":\"https:\\\/\\\/ictcluster.pl\\\/2023\\\/06\\\/13\\\/europejskie-forum-gospodarcze-2023\\\/#primaryimage\",\"url\":\"https:\\\/\\\/ictcluster.pl\\\/wp-content\\\/uploads\\\/2023\\\/06\\\/efg2023.jpg\",\"contentUrl\":\"https:\\\/\\\/ictcluster.pl\\\/wp-content\\\/uploads\\\/2023\\\/06\\\/efg2023.jpg\",\"width\":1600,\"height\":960},{\"@type\":\"BreadcrumbList\",\"@id\":\"https:\\\/\\\/ictcluster.pl\\\/2023\\\/06\\\/13\\\/europejskie-forum-gospodarcze-2023\\\/#breadcrumb\",\"itemListElement\":[{\"@type\":\"ListItem\",\"position\":1,\"name\":\"Strona g\u0142\u00f3wna\",\"item\":\"https:\\\/\\\/ictcluster.pl\\\/\"},{\"@type\":\"ListItem\",\"position\":2,\"name\":\"Europejskie Forum Gospodarcze 2023\"}]},{\"@type\":\"WebSite\",\"@id\":\"https:\\\/\\\/ictcluster.pl\\\/#website\",\"url\":\"https:\\\/\\\/ictcluster.pl\\\/\",\"name\":\"\u0141\u00f3dzki Klaster ICT\",\"description\":\"\",\"publisher\":{\"@id\":\"https:\\\/\\\/ictcluster.pl\\\/#organization\"},\"potentialAction\":[{\"@type\":\"SearchAction\",\"target\":{\"@type\":\"EntryPoint\",\"urlTemplate\":\"https:\\\/\\\/ictcluster.pl\\\/?s={search_term_string}\"},\"query-input\":{\"@type\":\"PropertyValueSpecification\",\"valueRequired\":true,\"valueName\":\"search_term_string\"}}],\"inLanguage\":\"en-GB\"},{\"@type\":\"Organization\",\"@id\":\"https:\\\/\\\/ictcluster.pl\\\/#organization\",\"name\":\"\u0141\u00f3dzki Klaster ICT\",\"url\":\"https:\\\/\\\/ictcluster.pl\\\/\",\"logo\":{\"@type\":\"ImageObject\",\"inLanguage\":\"en-GB\",\"@id\":\"https:\\\/\\\/ictcluster.pl\\\/#\\\/schema\\\/logo\\\/image\\\/\",\"url\":\"https:\\\/\\\/ictcluster.pl\\\/wp-content\\\/uploads\\\/2023\\\/01\\\/lodzki-klaster-ict.png\",\"contentUrl\":\"https:\\\/\\\/ictcluster.pl\\\/wp-content\\\/uploads\\\/2023\\\/01\\\/lodzki-klaster-ict.png\",\"width\":2694,\"height\":982,\"caption\":\"\u0141\u00f3dzki Klaster ICT\"},\"image\":{\"@id\":\"https:\\\/\\\/ictcluster.pl\\\/#\\\/schema\\\/logo\\\/image\\\/\"},\"sameAs\":[\"https:\\\/\\\/www.facebook.com\\\/KlasterICTLodz\"]},{\"@type\":\"Person\",\"@id\":\"https:\\\/\\\/ictcluster.pl\\\/#\\\/schema\\\/person\\\/7844a0f7103730784fd61263cd808ce3\",\"name\":\"bartek\",\"image\":{\"@type\":\"ImageObject\",\"inLanguage\":\"en-GB\",\"@id\":\"https:\\\/\\\/secure.gravatar.com\\\/avatar\\\/72fc3ff7fab7c9374b0721b9bf9acd6ac5846a2124b67687793d115b50f603ef?s=96&d=mm&r=g\",\"url\":\"https:\\\/\\\/secure.gravatar.com\\\/avatar\\\/72fc3ff7fab7c9374b0721b9bf9acd6ac5846a2124b67687793d115b50f603ef?s=96&d=mm&r=g\",\"contentUrl\":\"https:\\\/\\\/secure.gravatar.com\\\/avatar\\\/72fc3ff7fab7c9374b0721b9bf9acd6ac5846a2124b67687793d115b50f603ef?s=96&d=mm&r=g\",\"caption\":\"bartek\"},\"url\":\"https:\\\/\\\/ictcluster.pl\\\/en\\\/author\\\/bartek\\\/\"}]}<\/script>\n<!-- \/ Yoast SEO plugin. -->","yoast_head_json":{"title":"Europejskie Forum Gospodarcze 2023 - \u0141\u00f3dzki Klaster ICT","robots":{"index":"index","follow":"follow","max-snippet":"max-snippet:-1","max-image-preview":"max-image-preview:large","max-video-preview":"max-video-preview:-1"},"canonical":"https:\/\/ictcluster.pl\/en\/2023\/06\/13\/europejskie-forum-gospodarcze-2023\/","og_locale":"en_GB","og_type":"article","og_title":"Europejskie Forum Gospodarcze 2023 - \u0141\u00f3dzki Klaster ICT","og_description":"Za nami panel \u201eChat GPT \u2013 przysz\u0142o\u015b\u0107 pracy w dobie sztucznej inteligencji\u201d w ramach Europejskiego Forum Gospodarczego 2023, kt\u00f3rego jako \u0141\u00f3dzki Klaster...","og_url":"https:\/\/ictcluster.pl\/en\/2023\/06\/13\/europejskie-forum-gospodarcze-2023\/","og_site_name":"\u0141\u00f3dzki Klaster ICT","article_publisher":"https:\/\/www.facebook.com\/KlasterICTLodz","article_published_time":"2023-06-13T12:52:45+00:00","article_modified_time":"2023-06-13T12:56:48+00:00","og_image":[{"width":1600,"height":960,"url":"https:\/\/ictcluster.pl\/wp-content\/uploads\/2023\/06\/efg2023.jpg","type":"image\/jpeg"}],"author":"bartek","twitter_card":"summary_large_image","twitter_misc":{"Written by":"bartek","Estimated reading time":"1 minute"},"schema":{"@context":"https:\/\/schema.org","@graph":[{"@type":"Article","@id":"https:\/\/ictcluster.pl\/2023\/06\/13\/europejskie-forum-gospodarcze-2023\/#article","isPartOf":{"@id":"https:\/\/ictcluster.pl\/2023\/06\/13\/europejskie-forum-gospodarcze-2023\/"},"author":{"name":"bartek","@id":"https:\/\/ictcluster.pl\/#\/schema\/person\/7844a0f7103730784fd61263cd808ce3"},"headline":"Europejskie Forum Gospodarcze 2023","datePublished":"2023-06-13T12:52:45+00:00","dateModified":"2023-06-13T12:56:48+00:00","mainEntityOfPage":{"@id":"https:\/\/ictcluster.pl\/2023\/06\/13\/europejskie-forum-gospodarcze-2023\/"},"wordCount":148,"publisher":{"@id":"https:\/\/ictcluster.pl\/#organization"},"image":{"@id":"https:\/\/ictcluster.pl\/2023\/06\/13\/europejskie-forum-gospodarcze-2023\/#primaryimage"},"thumbnailUrl":"https:\/\/ictcluster.pl\/wp-content\/uploads\/2023\/06\/efg2023.jpg","articleSection":["Bez kategorii"],"inLanguage":"en-GB"},{"@type":"WebPage","@id":"https:\/\/ictcluster.pl\/2023\/06\/13\/europejskie-forum-gospodarcze-2023\/","url":"https:\/\/ictcluster.pl\/2023\/06\/13\/europejskie-forum-gospodarcze-2023\/","name":"Europejskie Forum Gospodarcze 2023 - \u0141\u00f3dzki Klaster ICT","isPartOf":{"@id":"https:\/\/ictcluster.pl\/#website"},"primaryImageOfPage":{"@id":"https:\/\/ictcluster.pl\/2023\/06\/13\/europejskie-forum-gospodarcze-2023\/#primaryimage"},"image":{"@id":"https:\/\/ictcluster.pl\/2023\/06\/13\/europejskie-forum-gospodarcze-2023\/#primaryimage"},"thumbnailUrl":"https:\/\/ictcluster.pl\/wp-content\/uploads\/2023\/06\/efg2023.jpg","datePublished":"2023-06-13T12:52:45+00:00","dateModified":"2023-06-13T12:56:48+00:00","breadcrumb":{"@id":"https:\/\/ictcluster.pl\/2023\/06\/13\/europejskie-forum-gospodarcze-2023\/#breadcrumb"},"inLanguage":"en-GB","potentialAction":[{"@type":"ReadAction","target":["https:\/\/ictcluster.pl\/2023\/06\/13\/europejskie-forum-gospodarcze-2023\/"]}]},{"@type":"ImageObject","inLanguage":"en-GB","@id":"https:\/\/ictcluster.pl\/2023\/06\/13\/europejskie-forum-gospodarcze-2023\/#primaryimage","url":"https:\/\/ictcluster.pl\/wp-content\/uploads\/2023\/06\/efg2023.jpg","contentUrl":"https:\/\/ictcluster.pl\/wp-content\/uploads\/2023\/06\/efg2023.jpg","width":1600,"height":960},{"@type":"BreadcrumbList","@id":"https:\/\/ictcluster.pl\/2023\/06\/13\/europejskie-forum-gospodarcze-2023\/#breadcrumb","itemListElement":[{"@type":"ListItem","position":1,"name":"Strona g\u0142\u00f3wna","item":"https:\/\/ictcluster.pl\/"},{"@type":"ListItem","position":2,"name":"Europejskie Forum Gospodarcze 2023"}]},{"@type":"WebSite","@id":"https:\/\/ictcluster.pl\/#website","url":"https:\/\/ictcluster.pl\/","name":"Lodz ICT Cluster","description":"","publisher":{"@id":"https:\/\/ictcluster.pl\/#organization"},"potentialAction":[{"@type":"SearchAction","target":{"@type":"EntryPoint","urlTemplate":"https:\/\/ictcluster.pl\/?s={search_term_string}"},"query-input":{"@type":"PropertyValueSpecification","valueRequired":true,"valueName":"search_term_string"}}],"inLanguage":"en-GB"},{"@type":"Organization","@id":"https:\/\/ictcluster.pl\/#organization","name":"Lodz ICT Cluster","url":"https:\/\/ictcluster.pl\/","logo":{"@type":"ImageObject","inLanguage":"en-GB","@id":"https:\/\/ictcluster.pl\/#\/schema\/logo\/image\/","url":"https:\/\/ictcluster.pl\/wp-content\/uploads\/2023\/01\/lodzki-klaster-ict.png","contentUrl":"https:\/\/ictcluster.pl\/wp-content\/uploads\/2023\/01\/lodzki-klaster-ict.png","width":2694,"height":982,"caption":"\u0141\u00f3dzki Klaster ICT"},"image":{"@id":"https:\/\/ictcluster.pl\/#\/schema\/logo\/image\/"},"sameAs":["https:\/\/www.facebook.com\/KlasterICTLodz"]},{"@type":"Person","@id":"https:\/\/ictcluster.pl\/#\/schema\/person\/7844a0f7103730784fd61263cd808ce3","name":"bartek","image":{"@type":"ImageObject","inLanguage":"en-GB","@id":"https:\/\/secure.gravatar.com\/avatar\/72fc3ff7fab7c9374b0721b9bf9acd6ac5846a2124b67687793d115b50f603ef?s=96&d=mm&r=g","url":"https:\/\/secure.gravatar.com\/avatar\/72fc3ff7fab7c9374b0721b9bf9acd6ac5846a2124b67687793d115b50f603ef?s=96&d=mm&r=g","contentUrl":"https:\/\/secure.gravatar.com\/avatar\/72fc3ff7fab7c9374b0721b9bf9acd6ac5846a2124b67687793d115b50f603ef?s=96&d=mm&r=g","caption":"bartek"},"url":"https:\/\/ictcluster.pl\/en\/author\/bartek\/"}]}},"_links":{"self":[{"href":"https:\/\/ictcluster.pl\/en\/wp-json\/wp\/v2\/posts\/2115","targetHints":{"allow":["GET"]}}],"collection":[{"href":"https:\/\/ictcluster.pl\/en\/wp-json\/wp\/v2\/posts"}],"about":[{"href":"https:\/\/ictcluster.pl\/en\/wp-json\/wp\/v2\/types\/post"}],"author":[{"embeddable":true,"href":"https:\/\/ictcluster.pl\/en\/wp-json\/wp\/v2\/users\/2"}],"replies":[{"embeddable":true,"href":"https:\/\/ictcluster.pl\/en\/wp-json\/wp\/v2\/comments?post=2115"}],"version-history":[{"count":3,"href":"https:\/\/ictcluster.pl\/en\/wp-json\/wp\/v2\/posts\/2115\/revisions"}],"predecessor-version":[{"id":2122,"href":"https:\/\/ictcluster.pl\/en\/wp-json\/wp\/v2\/posts\/2115\/revisions\/2122"}],"wp:featuredmedia":[{"embeddable":true,"href":"https:\/\/ictcluster.pl\/en\/wp-json\/wp\/v2\/media\/2116"}],"wp:attachment":[{"href":"https:\/\/ictcluster.pl\/en\/wp-json\/wp\/v2\/media?parent=2115"}],"wp:term":[{"taxonomy":"category","embeddable":true,"href":"https:\/\/ictcluster.pl\/en\/wp-json\/wp\/v2\/categories?post=2115"},{"taxonomy":"post_tag","embeddable":true,"href":"https:\/\/ictcluster.pl\/en\/wp-json\/wp\/v2\/tags?post=2115"}],"curies":[{"name":"wp","href":"https:\/\/api.w.org\/{rel}","templated":true}]}}